{"id":2510,"date":"2026-04-10T12:11:12","date_gmt":"2026-04-10T17:11:12","guid":{"rendered":"https:\/\/gadpdureno.gob.ec\/?p=2510"},"modified":"2026-04-10T12:11:13","modified_gmt":"2026-04-10T17:11:13","slug":"servicios-de-readecuacion-de-la-granja-porcina-mediante-la-implementacion-de-un-vivero-agroforestal-para-contribuir-al-sector-agroprodutivo","status":"publish","type":"post","link":"https:\/\/gadpdureno.gob.ec\/?p=2510","title":{"rendered":"SERVICIOS DE READECUACI\u00d3N DE LA GRANJA PORCINA &#8211; MEDIANTE LA IMPLEMENTACI\u00d3N DE UN VIVERO AGROFORESTAL PARA CONTRIBUIR AL SECTOR AGROPRODUTIVO."},"content":{"rendered":"\n<figure class=\"wp-block-gallery has-nested-images columns-default is-cropped wp-block-gallery-1 is-layout-flex wp-block-gallery-is-layout-flex\">\n<figure class=\"wp-block-image size-large\"><a href=\"https:\/\/gadpdureno.gob.ec\/wp-content\/uploads\/2026\/04\/WhatsApp-Image-2026-04-10-at-11.54.46.jpeg\"><img loading=\"lazy\" decoding=\"async\" width=\"1024\" height=\"768\" data-id=\"2511\" src=\"https:\/\/gadpdureno.gob.ec\/wp-content\/uploads\/2026\/04\/WhatsApp-Image-2026-04-10-at-11.54.46-1024x768.jpeg\" alt=\"\" class=\"wp-image-2511\" srcset=\"https:\/\/gadpdureno.gob.ec\/wp-content\/uploads\/2026\/04\/WhatsApp-Image-2026-04-10-at-11.54.46-1024x768.jpeg 1024w, https:\/\/gadpdureno.gob.ec\/wp-content\/uploads\/2026\/04\/WhatsApp-Image-2026-04-10-at-11.54.46-300x225.jpeg 300w, https:\/\/gadpdureno.gob.ec\/wp-content\/uploads\/2026\/04\/WhatsApp-Image-2026-04-10-at-11.54.46-768x576.jpeg 768w, https:\/\/gadpdureno.gob.ec\/wp-content\/uploads\/2026\/04\/WhatsApp-Image-2026-04-10-at-11.54.46-1536x1152.jpeg 1536w, https:\/\/gadpdureno.gob.ec\/wp-content\/uploads\/2026\/04\/WhatsApp-Image-2026-04-10-at-11.54.46.jpeg 1600w\" sizes=\"auto, (max-width: 1024px) 100vw, 1024px\" \/><\/a><\/figure>\n\n\n\n<figure class=\"wp-block-image size-large\"><a href=\"https:\/\/gadpdureno.gob.ec\/wp-content\/uploads\/2026\/04\/WhatsApp-Image-2026-04-10-at-11.55.03.jpeg\"><img loading=\"lazy\" decoding=\"async\" width=\"768\" height=\"1024\" data-id=\"2512\" src=\"https:\/\/gadpdureno.gob.ec\/wp-content\/uploads\/2026\/04\/WhatsApp-Image-2026-04-10-at-11.55.03-768x1024.jpeg\" alt=\"\" class=\"wp-image-2512\" srcset=\"https:\/\/gadpdureno.gob.ec\/wp-content\/uploads\/2026\/04\/WhatsApp-Image-2026-04-10-at-11.55.03-768x1024.jpeg 768w, https:\/\/gadpdureno.gob.ec\/wp-content\/uploads\/2026\/04\/WhatsApp-Image-2026-04-10-at-11.55.03-225x300.jpeg 225w, https:\/\/gadpdureno.gob.ec\/wp-content\/uploads\/2026\/04\/WhatsApp-Image-2026-04-10-at-11.55.03-1152x1536.jpeg 1152w, https:\/\/gadpdureno.gob.ec\/wp-content\/uploads\/2026\/04\/WhatsApp-Image-2026-04-10-at-11.55.03.jpeg 1200w\" sizes=\"auto, (max-width: 768px) 100vw, 768px\" \/><\/a><\/figure>\n<\/figure>\n\n\n\n<p><strong>Procedimiento:<\/strong>\u00a0\u00cdnfima Cuant\u00eda.<br><strong>Monto de Contrataci\u00f3n:<\/strong>\u00a0$ 8,390.84 m\u00e1s \u00edva.<br><strong>Contratista:<\/strong>\u00a0CORDONES PAREDES EDISON JAVIER<br><strong>Beneficiarios:<\/strong> Sector\u00a0Agr\u00edcola y Productivo de la Parroquia Dureno.<br><strong>\u00c1rea:<\/strong>\u00a0Econ\u00f3mico, Productivo, Seguridad Alimentaria, Cultural, y Deportes.<\/p>\n\n\n\n<p><strong>MSc.<\/strong>&nbsp;Darwin Lloacana.<br><strong>PRESIDENTE DEL GADPR-DURENO<\/strong><\/p>\n\n\n\n<p><\/p>\n","protected":false},"excerpt":{"rendered":"<p>Procedimiento:\u00a0\u00cdnfima Cuant\u00eda.Monto de Contrataci\u00f3n:\u00a0$ 8,390.84 m\u00e1s \u00edva.Contratista:\u00a0CORDONES PAREDES EDISON JAVIERBeneficiarios: Sector\u00a0Agr\u00edcola y Productivo de la Parroquia Dureno.\u00c1rea:\u00a0Econ\u00f3mico, Productivo, Seguridad Alimentaria, Cultural, y Deportes. MSc.&nbsp;Darwin Lloacana.PRESIDENTE DEL GADPR-DURENO<\/p>\n","protected":false},"author":1,"featured_media":0,"comment_status":"open","ping_status":"closed","sticky":false,"template":"","format":"standard","meta":{"footnotes":""},"categories":[1],"tags":[],"class_list":["post-2510","post","type-post","status-publish","format-standard","hentry","category-uncategorized"],"_links":{"self":[{"href":"https:\/\/gadpdureno.gob.ec\/index.php?rest_route=\/wp\/v2\/posts\/2510","targetHints":{"allow":["GET"]}}],"collection":[{"href":"https:\/\/gadpdureno.gob.ec\/index.php?rest_route=\/wp\/v2\/posts"}],"about":[{"href":"https:\/\/gadpdureno.gob.ec\/index.php?rest_route=\/wp\/v2\/types\/post"}],"author":[{"embeddable":true,"href":"https:\/\/gadpdureno.gob.ec\/index.php?rest_route=\/wp\/v2\/users\/1"}],"replies":[{"embeddable":true,"href":"https:\/\/gadpdureno.gob.ec\/index.php?rest_route=%2Fwp%2Fv2%2Fcomments&post=2510"}],"version-history":[{"count":1,"href":"https:\/\/gadpdureno.gob.ec\/index.php?rest_route=\/wp\/v2\/posts\/2510\/revisions"}],"predecessor-version":[{"id":2513,"href":"https:\/\/gadpdureno.gob.ec\/index.php?rest_route=\/wp\/v2\/posts\/2510\/revisions\/2513"}],"wp:attachment":[{"href":"https:\/\/gadpdureno.gob.ec\/index.php?rest_route=%2Fwp%2Fv2%2Fmedia&parent=2510"}],"wp:term":[{"taxonomy":"category","embeddable":true,"href":"https:\/\/gadpdureno.gob.ec\/index.php?rest_route=%2Fwp%2Fv2%2Fcategories&post=2510"},{"taxonomy":"post_tag","embeddable":true,"href":"https:\/\/gadpdureno.gob.ec\/index.php?rest_route=%2Fwp%2Fv2%2Ftags&post=2510"}],"curies":[{"name":"wp","href":"https:\/\/api.w.org\/{rel}","templated":true}]}}